[{"@context":"https:\/\/schema.org\/","@type":"Article","@id":"https:\/\/www.ipoxy.sk\/nova-funkcia-na-facebooku\/#Article","mainEntityOfPage":"https:\/\/www.ipoxy.sk\/nova-funkcia-na-facebooku\/","headline":"Nov\u00e1 funkcia na Facebooku","name":"Nov\u00e1 funkcia na Facebooku","description":"Facebook st\u00e1le inovuje\u00a0 a vylep\u0161uje sa. Aj tentokr\u00e1t n\u00e1m priniesol inov\u00e1ciu ktor\u00e1 sa mo\u017eno bude p\u00e1\u010di\u0165 \u013eu\u010fom a mo\u017eno ani nie. Po\u010fme sa pozrie\u0165 na to \u010do si pre n\u00e1s nov\u00e9 Facebook pripravil. \u00a0Ma\u0165 ve\u013ea priate\u013eov na Facebooku je mo\u017eno in. Ale \u010do ak nechcete aby ste mali v\u0161etky pr\u00edspevky od va\u0161ich priate\u013eov ? V &hellip; ","datePublished":"2025-02-23","dateModified":"2025-02-23","author":{"@type":"Person","@id":"https:\/\/www.ipoxy.sk\/author\/#Person","name":"","url":"https:\/\/www.ipoxy.sk\/author\/","identifier":1,"image":{"@type":"ImageObject","@id":"https:\/\/secure.gravatar.com\/avatar\/a4f7f6499f3b2a0764d0773f1f5d74780987cfbea7e736c0e74f6185bb257971?s=96&d=mm&r=g","url":"https:\/\/secure.gravatar.com\/avatar\/a4f7f6499f3b2a0764d0773f1f5d74780987cfbea7e736c0e74f6185bb257971?s=96&d=mm&r=g","height":96,"width":96}},"publisher":{"@type":"Organization","name":"ipoxy.sk","logo":{"@type":"ImageObject","@id":"\/logo.png","url":"\/logo.png","width":600,"height":60}},"image":{"@type":"ImageObject","@id":"https:\/\/www.ipoxy.sk\/wp-content\/uploads\/img_a285291_w16572_t1519574066.jpg","url":"https:\/\/www.ipoxy.sk\/wp-content\/uploads\/img_a285291_w16572_t1519574066.jpg","height":0,"width":0},"url":"https:\/\/www.ipoxy.sk\/nova-funkcia-na-facebooku\/","wordCount":443,"articleBody":"Facebook st\u00e1le inovuje\u00a0 a vylep\u0161uje sa. Aj tentokr\u00e1t n\u00e1m priniesol inov\u00e1ciu ktor\u00e1 sa mo\u017eno bude p\u00e1\u010di\u0165 \u013eu\u010fom a mo\u017eno ani nie. Po\u010fme sa pozrie\u0165 na to \u010do si pre n\u00e1s nov\u00e9 Facebook pripravil.\t\u00a0Ma\u0165 ve\u013ea priate\u013eov na Facebooku je mo\u017eno in. Ale \u010do ak nechcete aby ste mali v\u0161etky pr\u00edspevky od va\u0161ich priate\u013eov ? V takomto pr\u00edpade sa d\u00e1 urobi\u0165 jedna vec. M\u00f4\u017eete blokova\u0165 pou\u017e\u00edvate\u013ea na 30 dn\u00ed. V praxi to znamen\u00e1 \u017ee m\u00f4\u017eete zablokova\u0165 v\u0161etky pr\u00edspevky a pou\u017e\u00edvate\u013ea po dobu 30 dn\u00ed \u010di\u017ee neuvid\u00edte \u017eiadne pr\u00edspevky od zablokovan\u00e9ho priate\u013ea na t\u00fato dobu. Mo\u017eno to je aj na nie\u010do dobr\u00e9, Na to si u\u017e mus\u00edte urobi\u0165 vlastn\u00fd n\u00e1zor.\t\u00a0Niekedy si \u013eudia povedia \u017ee \u010d\u00edm viac pr\u00edspevkov od priate\u013eov t\u00fdm lep\u0161ie pre m\u0148a. Preto\u017ee Facebook sa st\u00e1va \u010doraz nud\u00edm prostred\u00edm pre pou\u017e\u00edvate\u013eov. Pre\u010do teda chcem zablokova\u0165 pou\u017e\u00edvate\u013ea na 30 dn\u00ed ? Ak v\u00e1s niekto otravuje Nechcete si vymaza\u0165 m\u00f4\u017eete pou\u017ei\u0165 tak\u00e9to blokovanie. To v\u0161ak nie je v\u0161etko. T\u00fato mo\u017enos\u0165 si V\u0161ak m\u00f4\u017eete nastavi\u0165 aj na smartf\u00f3ne v aplik\u00e1cii Facebook ale aj na webovej str\u00e1nke \u010di\u017ee obidvoch rozhraniach. Ten v\u0161ak nie je jasn\u00e9 \u017ee ak si zablokujete pou\u017e\u00edvate\u013ea napr\u00edklad v aplik\u00e1cii Facebook \u010di bude blokovan\u00fd aj na webovej str\u00e1nke Facebooku. Av\u0161ak Toto treba len vysk\u00fa\u0161a\u0165. \t\u00a0Prv\u00e9 testovanie prebehlo v decembri minul\u00e9ho roku v Amerike. \u010ci V\u0161ak je toto blokovanie aj u n\u00e1s v Eur\u00f3pe Ko\u013eko je ti na Slovensku nie je zatia\u013e zn\u00e1me. Av\u0161ak ak si si nie\u010do tak\u00e9to v\u0161imli alebo u\u017e m\u00e1te m\u00f4\u017eete vyjadri\u0165 svoj n\u00e1zor \u010do si o tejto zmene mysl\u00edte. M\u00f4j n\u00e1zor je tak\u00fd \u017ee tak\u00e9to blokovanie je zbyto\u010dn\u00e9. Ke\u010f u\u017e upravil Facebook pr\u00edspevky od firiem a podnikate\u013eov a presunulo do prieskumn\u00edkov t\u00fdm p\u00e1dom sa stal Facebook nud\u00edm preto\u017ee za\u010dal blokova\u0165 str\u00e1nky ktor\u00e9 boli zauj\u00edmav\u00e9. T\u00fdmto sp\u00f4sobom sa\u00a0 zopakuje hist\u00f3ria. Lep\u0161ie povedan\u00e9 \u017ee ak za\u010dne \u010c\u00edm viac \u013eud\u00ed blokova\u0165 pr\u00edspevky od svojich priate\u013eov T\u00fdm menej bude Facebook popul\u00e1rnej\u0161\u00ed. Pou\u017e\u00edvatelia ho bud\u00fa \u010doraz menej nav\u0161tevova\u0165 a u\u017e to nebude tak\u00e9 ako to bolo kedysi. No aj to m\u00f4\u017ee by\u0165 na nie\u010do dobr\u00e9.                                                                                                                                                                                                                                                                                                                                                                                        5\/5 - (3 votes)        "},{"@context":"https:\/\/schema.org\/","@type":"BreadcrumbList","itemListElement":[{"@type":"ListItem","position":1,"name":"Nov\u00e1 funkcia na Facebooku","item":"https:\/\/www.ipoxy.sk\/nova-funkcia-na-facebooku\/#breadcrumbitem"}]}]